{"id":4851,"date":"2024-12-20T15:47:34","date_gmt":"2024-12-20T13:47:34","guid":{"rendered":"https:\/\/www.robindent.de\/?p=4851"},"modified":"2025-01-27T13:32:27","modified_gmt":"2025-01-27T11:32:27","slug":"ein-ueberblick-die-entwicklung-der-elektronischen-patientenakte-epa","status":"publish","type":"post","link":"https:\/\/www.robindent.de\/?p=4851","title":{"rendered":"Ein \u00dcberblick:\u00a0 Die Entwicklung der elektronischen Patientenakte (ePA)"},"content":{"rendered":"\t\t<div data-elementor-type=\"wp-post\" data-elementor-id=\"4851\" class=\"elementor elementor-4851\" data-elementor-post-type=\"post\">\n\t\t\t\t\t\t<section class=\"elementor-section elementor-top-section elementor-element elementor-element-6c5e6eeb elementor-section-boxed elementor-section-height-default elementor-section-height-default\" data-id=\"6c5e6eeb\" data-element_type=\"section\" data-e-type=\"section\">\n\t\t\t\t\t\t<div class=\"elementor-container elementor-column-gap-default\">\n\t\t\t\t\t<div class=\"elementor-column elementor-col-100 elementor-top-column elementor-element elementor-element-2d508015\" data-id=\"2d508015\" data-element_type=\"column\" data-e-type=\"column\">\n\t\t\t<div class=\"elementor-widget-wrap elementor-element-populated\">\n\t\t\t\t\t\t<div class=\"elementor-element elementor-element-1019243c elementor-widget elementor-widget-heading\" data-id=\"1019243c\" data-element_type=\"widget\" data-e-type=\"widget\" data-widget_type=\"heading.default\">\n\t\t\t\t<div class=\"elementor-widget-container\">\n\t\t\t\t\t<h5 class=\"elementor-heading-title elementor-size-default\">Welche ePA-Version kann was?<\/h5>\t\t\t\t<\/div>\n\t\t\t\t<\/div>\n\t\t\t\t<div class=\"elementor-element elementor-element-51a09a89 elementor-widget elementor-widget-text-editor\" data-id=\"51a09a89\" data-element_type=\"widget\" data-e-type=\"widget\" data-widget_type=\"text-editor.default\">\n\t\t\t\t<div class=\"elementor-widget-container\">\n\t\t\t\t\t\t\t\t\t<p>Die verpflichtende Einf\u00fchrung der elektronischen Patientenakte (ePA) wurde bekanntlich verschoben.<\/p><p><b>Aber wie entwickelte sich die ePA im Laufe der Zeit und was wird die elektronische Patientenakte k\u00f6nnen?<\/b><\/p>\t\t\t\t\t\t\t\t<\/div>\n\t\t\t\t<\/div>\n\t\t\t\t\t<\/div>\n\t\t<\/div>\n\t\t\t\t\t<\/div>\n\t\t<\/section>\n\t\t\t\t<section class=\"elementor-section elementor-top-section elementor-element elementor-element-0810ec6 elementor-section-boxed elementor-section-height-default elementor-section-height-default\" data-id=\"0810ec6\" data-element_type=\"section\" data-e-type=\"section\">\n\t\t\t\t\t\t<div class=\"elementor-container elementor-column-gap-default\">\n\t\t\t\t\t<div class=\"elementor-column elementor-col-25 elementor-top-column elementor-element elementor-element-8f0cf67\" data-id=\"8f0cf67\" data-element_type=\"column\" data-e-type=\"column\">\n\t\t\t<div class=\"elementor-widget-wrap elementor-element-populated\">\n\t\t\t\t\t\t<div class=\"elementor-element elementor-element-488a365 elementor-widget elementor-widget-text-editor\" data-id=\"488a365\" data-element_type=\"widget\" data-e-type=\"widget\" data-widget_type=\"text-editor.default\">\n\t\t\t\t<div class=\"elementor-widget-container\">\n\t\t\t\t\t\t\t\t\t<p><strong>2021: Einf\u00fchrung der ePA 1.0<\/strong><\/p><p>Am 1. Januar 2021 wurde die erste Version der elektronischen Patientenakte (ePA) eingef\u00fchrt. Sie erm\u00f6glicht Versicherten, wichtige medizinische Dokumente wie Arztberichte, Medikationspl\u00e4ne und Impfdaten digital zu speichern. Die Nutzung war zu Beginn freiwillig und hatte f\u00fcr Zahn\u00e4rzte zun\u00e4chst kaum Auswirkungen.<\/p>\t\t\t\t\t\t\t\t<\/div>\n\t\t\t\t<\/div>\n\t\t\t\t\t<\/div>\n\t\t<\/div>\n\t\t\t\t<div class=\"elementor-column elementor-col-25 elementor-top-column elementor-element elementor-element-c9bde17\" data-id=\"c9bde17\" data-element_type=\"column\" data-e-type=\"column\">\n\t\t\t<div class=\"elementor-widget-wrap elementor-element-populated\">\n\t\t\t\t\t\t<div class=\"elementor-element elementor-element-f147a94 elementor-widget elementor-widget-text-editor\" data-id=\"f147a94\" data-element_type=\"widget\" data-e-type=\"widget\" data-widget_type=\"text-editor.default\">\n\t\t\t\t<div class=\"elementor-widget-container\">\n\t\t\t\t\t\t\t\t\t<p><strong>2022: Erweiterung mit ePA 2.0<\/strong><\/p><p>Mit der Einf\u00fchrung der Version 2.0 im Jahr 2022 wurden neue Funktionen hinzugef\u00fcgt. Nun k\u00f6nnen Daten zwischen (Zahn-)Arztpraxen, Apotheken und Krankenh\u00e4usern ausgetauscht werden. Zudem k\u00f6nnen Patienten zus\u00e4tzliche Dokumente wie digitale R\u00f6ntgenbilder oder Behandlungsberichte in ihrer ePA hinterlegen.<\/p>\t\t\t\t\t\t\t\t<\/div>\n\t\t\t\t<\/div>\n\t\t\t\t\t<\/div>\n\t\t<\/div>\n\t\t\t\t<div class=\"elementor-column elementor-col-25 elementor-top-column elementor-element elementor-element-8e734dc\" data-id=\"8e734dc\" data-element_type=\"column\" data-e-type=\"column\">\n\t\t\t<div class=\"elementor-widget-wrap elementor-element-populated\">\n\t\t\t\t\t\t<div class=\"elementor-element elementor-element-73f4e68 elementor-widget elementor-widget-text-editor\" data-id=\"73f4e68\" data-element_type=\"widget\" data-e-type=\"widget\" data-widget_type=\"text-editor.default\">\n\t\t\t\t<div class=\"elementor-widget-container\">\n\t\t\t\t\t\t\t\t\t<p><strong>2023: Diskussion um verpflichtende Nutzung<\/strong><\/p><p>Im Jahr 2023 wurde die verpflichtende Nutzung der ePA intensiv diskutiert. Viele Versicherte nutzen die ePA jedoch weiterhin nicht \u2013 h\u00e4ufig aufgrund von Datenschutzbedenken oder mangelnder Information.<\/p>\t\t\t\t\t\t\t\t<\/div>\n\t\t\t\t<\/div>\n\t\t\t\t\t<\/div>\n\t\t<\/div>\n\t\t\t\t<div class=\"elementor-column elementor-col-25 elementor-top-column elementor-element elementor-element-112b1e4\" data-id=\"112b1e4\" data-element_type=\"column\" data-e-type=\"column\">\n\t\t\t<div class=\"elementor-widget-wrap elementor-element-populated\">\n\t\t\t\t\t\t<div class=\"elementor-element elementor-element-5040add elementor-widget elementor-widget-text-editor\" data-id=\"5040add\" data-element_type=\"widget\" data-e-type=\"widget\" data-widget_type=\"text-editor.default\">\n\t\t\t\t<div class=\"elementor-widget-container\">\n\t\t\t\t\t\t\t\t\t<p><strong>Im Jahr 2024<\/strong><\/p><p>wurde die Einf\u00fchrung der elektronischen Patientenakte (ePA) in Deutschland intensiv vorbereitet.<\/p>\t\t\t\t\t\t\t\t<\/div>\n\t\t\t\t<\/div>\n\t\t\t\t\t<\/div>\n\t\t<\/div>\n\t\t\t\t\t<\/div>\n\t\t<\/section>\n\t\t\t\t<section class=\"elementor-section elementor-top-section elementor-element elementor-element-58e8d1e elementor-section-boxed elementor-section-height-default elementor-section-height-default\" data-id=\"58e8d1e\" data-element_type=\"section\" data-e-type=\"section\">\n\t\t\t\t\t\t<div class=\"elementor-container elementor-column-gap-default\">\n\t\t\t\t\t<div class=\"elementor-column elementor-col-100 elementor-top-column elementor-element elementor-element-a9d1c78\" data-id=\"a9d1c78\" data-element_type=\"column\" data-e-type=\"column\">\n\t\t\t<div class=\"elementor-widget-wrap elementor-element-populated\">\n\t\t\t\t\t\t<div class=\"elementor-element elementor-element-b97d5a0 elementor-widget elementor-widget-text-editor\" data-id=\"b97d5a0\" data-element_type=\"widget\" data-e-type=\"widget\" data-widget_type=\"text-editor.default\">\n\t\t\t\t<div class=\"elementor-widget-container\">\n\t\t\t\t\t\t\t\t\t<p><strong>2025: Einf\u00fchrung der ePA 3.0 und 3.1<\/strong><\/p><p><strong>Opt-Out-Verfahren:<br \/><\/strong>Ab dem 15. Januar 2025 wird die ePA im Rahmen des \u201eePA f\u00fcr Alle\u201c-Programms neu aufgelegt. Jeder gesetzlich Versicherte erh\u00e4lt automatisch eine ePA, es sei denn, es wird innerhalb von sechs Wochen ausdr\u00fccklich widersprochen. Nach einer vierw\u00f6chigen Testphase in Modellregionen startet die bundesweite Einf\u00fchrung Mitte Februar. Krankenkassen legen die ePA automatisch an, die schrittweise mit Inhalten gef\u00fcllt wird, beispielsweise bei Behandlungen oder der Verordnung eines eRezeptes.<\/p>\t\t\t\t\t\t\t\t<\/div>\n\t\t\t\t<\/div>\n\t\t\t\t\t<\/div>\n\t\t<\/div>\n\t\t\t\t\t<\/div>\n\t\t<\/section>\n\t\t\t\t<section class=\"elementor-section elementor-top-section elementor-element elementor-element-d727b99 elementor-section-boxed elementor-section-height-default elementor-section-height-default\" data-id=\"d727b99\" data-element_type=\"section\" data-e-type=\"section\">\n\t\t\t\t\t\t<div class=\"elementor-container elementor-column-gap-default\">\n\t\t\t\t\t<div class=\"elementor-column elementor-col-50 elementor-top-column elementor-element elementor-element-61ed740\" data-id=\"61ed740\" data-element_type=\"column\" data-e-type=\"column\">\n\t\t\t<div class=\"elementor-widget-wrap elementor-element-populated\">\n\t\t\t\t\t\t<div class=\"elementor-element elementor-element-15dab6a elementor-widget elementor-widget-text-editor\" data-id=\"15dab6a\" data-element_type=\"widget\" data-e-type=\"widget\" data-widget_type=\"text-editor.default\">\n\t\t\t\t<div class=\"elementor-widget-container\">\n\t\t\t\t\t\t\t\t\t<p><strong>Neue Funktionen:<\/strong><\/p>\n<ul>\n<li><strong>Elektronischer Medikationsplan (eMP):<\/strong> Der eMP vereinfacht die digitale Verwaltung von Medikamenten und verbessert die Arzneimittelsicherheit.<\/li>\n<\/ul>\n<ul>\n<li><strong>EU-weite Zugriffsregelung:<\/strong> Versicherte k\u00f6nnen ihre Gesundheitsdaten gem\u00e4\u00df \u00a7 351 SGB V auch in anderen EU-L\u00e4ndern nutzen.<\/li>\n<\/ul>\n<ul>\n<li><strong>Datennutzung f\u00fcr Forschung:<\/strong> Mit Einwilligung der Versicherten k\u00f6nnen anonymisierte Gesundheitsdaten f\u00fcr Forschungszwecke genutzt werden, um medizinische Innovationen voranzutreiben.<\/li><\/ul><div><br><\/div>\t\t\t\t\t\t\t\t<\/div>\n\t\t\t\t<\/div>\n\t\t\t\t\t<\/div>\n\t\t<\/div>\n\t\t\t\t<div class=\"elementor-column elementor-col-50 elementor-top-column elementor-element elementor-element-ddb5fac\" data-id=\"ddb5fac\" data-element_type=\"column\" data-e-type=\"column\">\n\t\t\t<div class=\"elementor-widget-wrap elementor-element-populated\">\n\t\t\t\t\t\t<div class=\"elementor-element elementor-element-ab7364b elementor-widget elementor-widget-text-editor\" data-id=\"ab7364b\" data-element_type=\"widget\" data-e-type=\"widget\" data-widget_type=\"text-editor.default\">\n\t\t\t\t<div class=\"elementor-widget-container\">\n\t\t\t\t\t\t\t\t\t<p><strong>Was bedeutet das f\u00fcr Zahn\u00e4rzte?<\/strong><\/p>\n<p>Die Einf\u00fchrung der ePA wird den Praxisalltag nachhaltig ver\u00e4ndern:<\/p>\n<ul>\n<li><strong>Effizienz: <\/strong>Weniger B\u00fcrokratie und ein schnellerer Informationsaustausch f\u00f6rdern effizientere Abl\u00e4ufe.<\/li>\n<\/ul>\n<ul>\n<li><strong>Bessere Patientenversorgung: <\/strong>Langfristige Behandlungen k\u00f6nnen umfassender dokumentiert werden, was die Betreuung flexibler macht.<\/li>\n<\/ul>\n<ul>\n<li><strong>Datenschutz: <\/strong>Die Einhaltung strenger Datenschutzvorgaben bleibt entscheidend.<\/li>\n<\/ul>\t\t\t\t\t\t\t\t<\/div>\n\t\t\t\t<\/div>\n\t\t\t\t\t<\/div>\n\t\t<\/div>\n\t\t\t\t\t<\/div>\n\t\t<\/section>\n\t\t\t\t<section class=\"elementor-section elementor-top-section elementor-element elementor-element-06f8d54 elementor-section-boxed elementor-section-height-default elementor-section-height-default\" data-id=\"06f8d54\" data-element_type=\"section\" data-e-type=\"section\">\n\t\t\t\t\t\t<div class=\"elementor-container elementor-column-gap-default\">\n\t\t\t\t\t<div class=\"elementor-column elementor-col-100 elementor-top-column elementor-element elementor-element-5a998e9\" data-id=\"5a998e9\" data-element_type=\"column\" data-e-type=\"column\">\n\t\t\t<div class=\"elementor-widget-wrap elementor-element-populated\">\n\t\t\t\t\t\t<div class=\"elementor-element elementor-element-49d2678 elementor-widget elementor-widget-text-editor\" data-id=\"49d2678\" data-element_type=\"widget\" data-e-type=\"widget\" data-widget_type=\"text-editor.default\">\n\t\t\t\t<div class=\"elementor-widget-container\">\n\t\t\t\t\t\t\t\t\t<p><strong>ACHTUNG NEUERUNG:<\/strong><\/p><p>Der bundesweite ePA-Start wird voraussichtlich \u201e(\u2026) erst nach positiven Erfahrungen in den Testregionen (\u2026) im M\u00e4rz oder April erfolgen, erkl\u00e4rte Bundesgesundheitsminister Prof. Karl Lauterbach auf der Bundespressekonferenz am Mittwoch.\u201c<\/p><p>Quelle: zm, 17.01.2025, <a href=\"https:\/\/www.zm-online.de\/news\/detail\/bundesweiter-roll-out-der-epa-erfolgt-fruehestens-im-maerz\">Bundesweiter ePA-Rollout fr\u00fchestens im M\u00e4rz \u2013 zm-online<\/a><\/p><p>.<\/p><div>\u00a0<\/div>\t\t\t\t\t\t\t\t<\/div>\n\t\t\t\t<\/div>\n\t\t\t\t\t<\/div>\n\t\t<\/div>\n\t\t\t\t\t<\/div>\n\t\t<\/section>\n\t\t\t\t<section class=\"elementor-section elementor-top-section elementor-element elementor-element-d58f0a1 elementor-section-boxed elementor-section-height-default elementor-section-height-default\" data-id=\"d58f0a1\" data-element_type=\"section\" data-e-type=\"section\">\n\t\t\t\t\t\t<div class=\"elementor-container elementor-column-gap-default\">\n\t\t\t\t\t<div class=\"elementor-column elementor-col-100 elementor-top-column elementor-element elementor-element-a020e71\" data-id=\"a020e71\" data-element_type=\"column\" data-e-type=\"column\">\n\t\t\t<div class=\"elementor-widget-wrap elementor-element-populated\">\n\t\t\t\t\t\t<div class=\"elementor-element elementor-element-d79536c elementor-widget elementor-widget-image\" data-id=\"d79536c\" data-element_type=\"widget\" data-e-type=\"widget\" data-widget_type=\"image.default\">\n\t\t\t\t<div class=\"elementor-widget-container\">\n\t\t\t\t\t\t\t\t\t\t\t\t\t\t\t<img fetchpriority=\"high\" decoding=\"async\" width=\"1024\" height=\"593\" src=\"https:\/\/www.robindent.de\/wp-content\/uploads\/2024\/12\/RobinDent_ePA_Zeitstrahl-1-1024x593.png\" class=\"attachment-large size-large wp-image-4858\" alt=\"Zeitstrahl ePA\" srcset=\"https:\/\/www.robindent.de\/wp-content\/uploads\/2024\/12\/RobinDent_ePA_Zeitstrahl-1-1024x593.png 1024w, https:\/\/www.robindent.de\/wp-content\/uploads\/2024\/12\/RobinDent_ePA_Zeitstrahl-1-300x174.png 300w, https:\/\/www.robindent.de\/wp-content\/uploads\/2024\/12\/RobinDent_ePA_Zeitstrahl-1-768x444.png 768w, https:\/\/www.robindent.de\/wp-content\/uploads\/2024\/12\/RobinDent_ePA_Zeitstrahl-1-1536x889.png 1536w, https:\/\/www.robindent.de\/wp-content\/uploads\/2024\/12\/RobinDent_ePA_Zeitstrahl-1-2048x1185.png 2048w\" sizes=\"(max-width: 1024px) 100vw, 1024px\" \/>\t\t\t\t\t\t\t\t\t\t\t\t\t\t\t<\/div>\n\t\t\t\t<\/div>\n\t\t\t\t\t<\/div>\n\t\t<\/div>\n\t\t\t\t\t<\/div>\n\t\t<\/section>\n\t\t\t\t<section class=\"elementor-section elementor-top-section elementor-element elementor-element-bfa0075 elementor-section-boxed elementor-section-height-default elementor-section-height-default\" data-id=\"bfa0075\" data-element_type=\"section\" data-e-type=\"section\">\n\t\t\t\t\t\t<div class=\"elementor-container elementor-column-gap-default\">\n\t\t\t\t\t<div class=\"elementor-column elementor-col-100 elementor-top-column elementor-element elementor-element-d4f1e30\" data-id=\"d4f1e30\" data-element_type=\"column\" data-e-type=\"column\">\n\t\t\t<div class=\"elementor-widget-wrap elementor-element-populated\">\n\t\t\t\t\t\t<div class=\"elementor-element elementor-element-e28b22b elementor-widget elementor-widget-text-editor\" data-id=\"e28b22b\" data-element_type=\"widget\" data-e-type=\"widget\" data-widget_type=\"text-editor.default\">\n\t\t\t\t<div class=\"elementor-widget-container\">\n\t\t\t\t\t\t\t\t\t<p style=\"text-align: center;\"><strong>Die ePA bietet Zahn\u00e4rzten eine Chance, die Patientenversorgung zu optimieren und die Digitalisierung im Praxisalltag voranzutreiben.<\/strong><\/p>\t\t\t\t\t\t\t\t<\/div>\n\t\t\t\t<\/div>\n\t\t\t\t\t<\/div>\n\t\t<\/div>\n\t\t\t\t\t<\/div>\n\t\t<\/section>\n\t\t\t\t<section class=\"elementor-section elementor-top-section elementor-element elementor-element-7849b9cf elementor-section-boxed elementor-section-height-default elementor-section-height-default\" data-id=\"7849b9cf\" data-element_type=\"section\" data-e-type=\"section\">\n\t\t\t\t\t\t<div class=\"elementor-container elementor-column-gap-default\">\n\t\t\t\t\t<div class=\"elementor-column elementor-col-50 elementor-top-column elementor-element elementor-element-24dd37a9\" data-id=\"24dd37a9\" data-element_type=\"column\" data-e-type=\"column\">\n\t\t\t<div class=\"elementor-widget-wrap elementor-element-populated\">\n\t\t\t\t\t\t<div class=\"elementor-element elementor-element-6d4303be elementor-widget elementor-widget-image\" data-id=\"6d4303be\" data-element_type=\"widget\" data-e-type=\"widget\" data-widget_type=\"image.default\">\n\t\t\t\t<div class=\"elementor-widget-container\">\n\t\t\t\t\t\t\t\t\t\t\t\t\t\t\t<img decoding=\"async\" width=\"520\" height=\"237\" src=\"https:\/\/www.robindent.de\/wp-content\/uploads\/2020\/06\/RD_logo_520x237px.png\" class=\"attachment-large size-large wp-image-478\" alt=\"\" srcset=\"https:\/\/www.robindent.de\/wp-content\/uploads\/2020\/06\/RD_logo_520x237px.png 520w, https:\/\/www.robindent.de\/wp-content\/uploads\/2020\/06\/RD_logo_520x237px-300x137.png 300w\" sizes=\"(max-width: 520px) 100vw, 520px\" \/>\t\t\t\t\t\t\t\t\t\t\t\t\t\t\t<\/div>\n\t\t\t\t<\/div>\n\t\t\t\t\t<\/div>\n\t\t<\/div>\n\t\t\t\t<div class=\"elementor-column elementor-col-50 elementor-top-column elementor-element elementor-element-48a14739\" data-id=\"48a14739\" data-element_type=\"column\" data-e-type=\"column\">\n\t\t\t<div class=\"elementor-widget-wrap elementor-element-populated\">\n\t\t\t\t\t\t<div class=\"elementor-element elementor-element-3c8c0633 elementor-widget elementor-widget-text-editor\" data-id=\"3c8c0633\" data-element_type=\"widget\" data-e-type=\"widget\" data-widget_type=\"text-editor.default\">\n\t\t\t\t<div class=\"elementor-widget-container\">\n\t\t\t\t\t\t\t\t\t<p><br \/>Du hast noch Fragen zum Thema ePA?<\/p>\t\t\t\t\t\t\t\t<\/div>\n\t\t\t\t<\/div>\n\t\t\t\t<div class=\"elementor-element elementor-element-5e614e3a elementor-widget elementor-widget-text-editor\" data-id=\"5e614e3a\" data-element_type=\"widget\" data-e-type=\"widget\" data-widget_type=\"text-editor.default\">\n\t\t\t\t<div class=\"elementor-widget-container\">\n\t\t\t\t\t\t\t\t\t<p>Dann schreib\u00b4mir eine E-Mail an: <a href=\"mailto:frag@robindent.de\" target=\"_blank\" rel=\"noopener\">frag@robindent.de<\/a> Ich k\u00fcmmere mich!<\/p>\t\t\t\t\t\t\t\t<\/div>\n\t\t\t\t<\/div>\n\t\t\t\t\t<\/div>\n\t\t<\/div>\n\t\t\t\t\t<\/div>\n\t\t<\/section>\n\t\t\t\t<section class=\"elementor-section elementor-top-section elementor-element elementor-element-5144a16 elementor-section-boxed elementor-section-height-default elementor-section-height-default\" data-id=\"5144a16\" data-element_type=\"section\" data-e-type=\"section\">\n\t\t\t\t\t\t<div class=\"elementor-container elementor-column-gap-default\">\n\t\t\t\t\t<div class=\"elementor-column elementor-col-100 elementor-top-column elementor-element elementor-element-24ae237\" data-id=\"24ae237\" data-element_type=\"column\" data-e-type=\"column\">\n\t\t\t<div class=\"elementor-widget-wrap elementor-element-populated\">\n\t\t\t\t\t\t<div class=\"elementor-element elementor-element-ade6305 elementor-share-buttons--view-icon-text elementor-share-buttons--skin-gradient elementor-share-buttons--shape-square elementor-grid-0 elementor-share-buttons--color-official elementor-widget elementor-widget-share-buttons\" data-id=\"ade6305\" data-element_type=\"widget\" data-e-type=\"widget\" data-widget_type=\"share-buttons.default\">\n\t\t\t\t<div class=\"elementor-widget-container\">\n\t\t\t\t\t\t\t<div class=\"elementor-grid\" role=\"list\">\n\t\t\t\t\t\t\t\t<div class=\"elementor-grid-item\" role=\"listitem\">\n\t\t\t\t\t\t<div class=\"elementor-share-btn elementor-share-btn_facebook\" role=\"button\" tabindex=\"0\" aria-label=\"Teilen auf facebook\">\n\t\t\t\t\t\t\t\t\t\t\t\t\t\t\t<span class=\"elementor-share-btn__icon\">\n\t\t\t\t\t\t\t\t<i class=\"fab fa-facebook\" aria-hidden=\"true\"><\/i>\t\t\t\t\t\t\t<\/span>\n\t\t\t\t\t\t\t\t\t\t\t\t\t\t\t\t\t\t\t\t\t\t<div class=\"elementor-share-btn__text\">\n\t\t\t\t\t\t\t\t\t\t\t\t\t\t\t\t\t\t\t<span class=\"elementor-share-btn__title\">\n\t\t\t\t\t\t\t\t\t\tFacebook\t\t\t\t\t\t\t\t\t<\/span>\n\t\t\t\t\t\t\t\t\t\t\t\t\t\t\t\t\t<\/div>\n\t\t\t\t\t\t\t\t\t\t\t\t\t<\/div>\n\t\t\t\t\t<\/div>\n\t\t\t\t\t\t\t\t\t<div class=\"elementor-grid-item\" role=\"listitem\">\n\t\t\t\t\t\t<div class=\"elementor-share-btn elementor-share-btn_whatsapp\" role=\"button\" tabindex=\"0\" aria-label=\"Teilen auf whatsapp\">\n\t\t\t\t\t\t\t\t\t\t\t\t\t\t\t<span class=\"elementor-share-btn__icon\">\n\t\t\t\t\t\t\t\t<i class=\"fab fa-whatsapp\" aria-hidden=\"true\"><\/i>\t\t\t\t\t\t\t<\/span>\n\t\t\t\t\t\t\t\t\t\t\t\t\t\t\t\t\t\t\t\t\t\t<div class=\"elementor-share-btn__text\">\n\t\t\t\t\t\t\t\t\t\t\t\t\t\t\t\t\t\t\t<span class=\"elementor-share-btn__title\">\n\t\t\t\t\t\t\t\t\t\tWhatsApp\t\t\t\t\t\t\t\t\t<\/span>\n\t\t\t\t\t\t\t\t\t\t\t\t\t\t\t\t\t<\/div>\n\t\t\t\t\t\t\t\t\t\t\t\t\t<\/div>\n\t\t\t\t\t<\/div>\n\t\t\t\t\t\t\t\t\t<div class=\"elementor-grid-item\" role=\"listitem\">\n\t\t\t\t\t\t<div class=\"elementor-share-btn elementor-share-btn_email\" role=\"button\" tabindex=\"0\" aria-label=\"Teilen auf email\">\n\t\t\t\t\t\t\t\t\t\t\t\t\t\t\t<span class=\"elementor-share-btn__icon\">\n\t\t\t\t\t\t\t\t<i class=\"fas fa-envelope\" aria-hidden=\"true\"><\/i>\t\t\t\t\t\t\t<\/span>\n\t\t\t\t\t\t\t\t\t\t\t\t\t\t\t\t\t\t\t\t\t\t<div class=\"elementor-share-btn__text\">\n\t\t\t\t\t\t\t\t\t\t\t\t\t\t\t\t\t\t\t<span class=\"elementor-share-btn__title\">\n\t\t\t\t\t\t\t\t\t\tEmail\t\t\t\t\t\t\t\t\t<\/span>\n\t\t\t\t\t\t\t\t\t\t\t\t\t\t\t\t\t<\/div>\n\t\t\t\t\t\t\t\t\t\t\t\t\t<\/div>\n\t\t\t\t\t<\/div>\n\t\t\t\t\t\t<\/div>\n\t\t\t\t\t\t<\/div>\n\t\t\t\t<\/div>\n\t\t\t\t\t<\/div>\n\t\t<\/div>\n\t\t\t\t\t<\/div>\n\t\t<\/section>\n\t\t\t\t<\/div>\n\t\t","protected":false},"excerpt":{"rendered":"<p>Welche ePA-Version kann was? Die verpflichtende Einf\u00fchrung der elektronischen Patientenakte &hellip; <\/p>\n","protected":false},"author":4,"featured_media":4852,"comment_status":"closed","ping_status":"closed","sticky":false,"template":"","format":"standard","meta":{"footnotes":""},"categories":[371],"tags":[410,227,20,291,29],"class_list":["post-4851","post","type-post","status-publish","format-standard","has-post-thumbnail","hentry","category-it-und-telematik","tag-elektronisch","tag-epa","tag-icmed","tag-patientenakte","tag-telematik"],"_links":{"self":[{"href":"https:\/\/www.robindent.de\/index.php?rest_route=\/wp\/v2\/posts\/4851","targetHints":{"allow":["GET"]}}],"collection":[{"href":"https:\/\/www.robindent.de\/index.php?rest_route=\/wp\/v2\/posts"}],"about":[{"href":"https:\/\/www.robindent.de\/index.php?rest_route=\/wp\/v2\/types\/post"}],"author":[{"embeddable":true,"href":"https:\/\/www.robindent.de\/index.php?rest_route=\/wp\/v2\/users\/4"}],"replies":[{"embeddable":true,"href":"https:\/\/www.robindent.de\/index.php?rest_route=%2Fwp%2Fv2%2Fcomments&post=4851"}],"version-history":[{"count":13,"href":"https:\/\/www.robindent.de\/index.php?rest_route=\/wp\/v2\/posts\/4851\/revisions"}],"predecessor-version":[{"id":4950,"href":"https:\/\/www.robindent.de\/index.php?rest_route=\/wp\/v2\/posts\/4851\/revisions\/4950"}],"wp:featuredmedia":[{"embeddable":true,"href":"https:\/\/www.robindent.de\/index.php?rest_route=\/wp\/v2\/media\/4852"}],"wp:attachment":[{"href":"https:\/\/www.robindent.de\/index.php?rest_route=%2Fwp%2Fv2%2Fmedia&parent=4851"}],"wp:term":[{"taxonomy":"category","embeddable":true,"href":"https:\/\/www.robindent.de\/index.php?rest_route=%2Fwp%2Fv2%2Fcategories&post=4851"},{"taxonomy":"post_tag","embeddable":true,"href":"https:\/\/www.robindent.de\/index.php?rest_route=%2Fwp%2Fv2%2Ftags&post=4851"}],"curies":[{"name":"wp","href":"https:\/\/api.w.org\/{rel}","templated":true}]}}